{"id":1836,"date":"2013-06-25T22:23:02","date_gmt":"2013-06-25T22:23:02","guid":{"rendered":"http:\/\/henriquezlara.com\/blog\/?p=1836"},"modified":"2013-06-25T22:34:07","modified_gmt":"2013-06-25T22:34:07","slug":"exposicion-la-muerte-cala-de-veras-en-galeria-dieresis","status":"publish","type":"post","link":"http:\/\/henriquezlara.com\/blog\/?p=1836","title":{"rendered":"Exposici\u00f3n La muerte Cala de Veras en galer\u00eda Di\u00e9resis"},"content":{"rendered":"<p><a href=\"http:\/\/henriquezlara.com\/blog\/wp-content\/uploads\/2013\/06\/dieresis_caladeveras_henriquezlara_javier_1.jpeg\"><img loading=\"lazy\" decoding=\"async\" class=\"aligncenter size-full wp-image-1837\" title=\"dieresis_caladeveras_henriquezlara_javier_1\" src=\"http:\/\/henriquezlara.com\/blog\/wp-content\/uploads\/2013\/06\/dieresis_caladeveras_henriquezlara_javier_1.jpeg\" alt=\"\" width=\"623\" height=\"467\" srcset=\"http:\/\/henriquezlara.com\/blog\/wp-content\/uploads\/2013\/06\/dieresis_caladeveras_henriquezlara_javier_1.jpeg 623w, http:\/\/henriquezlara.com\/blog\/wp-content\/uploads\/2013\/06\/dieresis_caladeveras_henriquezlara_javier_1-300x224.jpg 300w\" sizes=\"auto, (max-width: 623px) 100vw, 623px\" \/><\/a><\/p>\n<p><a href=\"http:\/\/henriquezlara.com\/blog\/wp-content\/uploads\/2013\/06\/dieresis_caladeveras_henriquezlara_javier_2.jpeg\"><img loading=\"lazy\" decoding=\"async\" class=\"aligncenter size-full wp-image-1838\" title=\"dieresis_caladeveras_henriquezlara_javier_2\" src=\"http:\/\/henriquezlara.com\/blog\/wp-content\/uploads\/2013\/06\/dieresis_caladeveras_henriquezlara_javier_2.jpeg\" alt=\"\" width=\"623\" height=\"415\" srcset=\"http:\/\/henriquezlara.com\/blog\/wp-content\/uploads\/2013\/06\/dieresis_caladeveras_henriquezlara_javier_2.jpeg 623w, http:\/\/henriquezlara.com\/blog\/wp-content\/uploads\/2013\/06\/dieresis_caladeveras_henriquezlara_javier_2-300x199.jpg 300w\" sizes=\"auto, (max-width: 623px) 100vw, 623px\" \/><\/a><\/p>\n<p><a href=\"http:\/\/henriquezlara.com\/blog\/wp-content\/uploads\/2013\/06\/dieresis_caladeveras_henriquezlara_javier_3.jpeg\"><img loading=\"lazy\" decoding=\"async\" class=\"aligncenter size-full wp-image-1839\" title=\"dieresis_caladeveras_henriquezlara_javier_3\" src=\"http:\/\/henriquezlara.com\/blog\/wp-content\/uploads\/2013\/06\/dieresis_caladeveras_henriquezlara_javier_3.jpeg\" alt=\"\" width=\"623\" height=\"415\" srcset=\"http:\/\/henriquezlara.com\/blog\/wp-content\/uploads\/2013\/06\/dieresis_caladeveras_henriquezlara_javier_3.jpeg 623w, http:\/\/henriquezlara.com\/blog\/wp-content\/uploads\/2013\/06\/dieresis_caladeveras_henriquezlara_javier_3-300x199.jpg 300w\" sizes=\"auto, (max-width: 623px) 100vw, 623px\" \/><\/a><\/p>\n<p><a href=\"http:\/\/henriquezlara.com\/blog\/wp-content\/uploads\/2013\/06\/dieresis_caladeveras_henriquezlara_javier_5.jpeg\"><img loading=\"lazy\" decoding=\"async\" class=\"aligncenter size-full wp-image-1841\" title=\"dieresis_caladeveras_henriquezlara_javier_5\" src=\"http:\/\/henriquezlara.com\/blog\/wp-content\/uploads\/2013\/06\/dieresis_caladeveras_henriquezlara_javier_5.jpeg\" alt=\"\" width=\"623\" height=\"415\" srcset=\"http:\/\/henriquezlara.com\/blog\/wp-content\/uploads\/2013\/06\/dieresis_caladeveras_henriquezlara_javier_5.jpeg 623w, http:\/\/henriquezlara.com\/blog\/wp-content\/uploads\/2013\/06\/dieresis_caladeveras_henriquezlara_javier_5-300x199.jpg 300w\" sizes=\"auto, (max-width: 623px) 100vw, 623px\" \/><\/a><\/p>\n<p><a href=\"http:\/\/henriquezlara.com\/blog\/wp-content\/uploads\/2013\/06\/dieresis_caladeveras_henriquezlara_javier_4.jpeg\"><img loading=\"lazy\" decoding=\"async\" class=\"aligncenter size-full wp-image-1840\" title=\"dieresis_caladeveras_henriquezlara_javier_4\" src=\"http:\/\/henriquezlara.com\/blog\/wp-content\/uploads\/2013\/06\/dieresis_caladeveras_henriquezlara_javier_4.jpeg\" alt=\"\" width=\"623\" height=\"415\" srcset=\"http:\/\/henriquezlara.com\/blog\/wp-content\/uploads\/2013\/06\/dieresis_caladeveras_henriquezlara_javier_4.jpeg 623w, http:\/\/henriquezlara.com\/blog\/wp-content\/uploads\/2013\/06\/dieresis_caladeveras_henriquezlara_javier_4-300x199.jpg 300w\" sizes=\"auto, (max-width: 623px) 100vw, 623px\" \/><\/a><\/p>\n<p><a href=\"http:\/\/henriquezlara.com\/blog\/wp-content\/uploads\/2013\/06\/dieresis_caladeveras_henriquezlara_javier_6.jpeg\"><img loading=\"lazy\" decoding=\"async\" class=\"aligncenter size-full wp-image-1842\" title=\"dieresis_caladeveras_henriquezlara_javier_6\" src=\"http:\/\/henriquezlara.com\/blog\/wp-content\/uploads\/2013\/06\/dieresis_caladeveras_henriquezlara_javier_6.jpeg\" alt=\"\" width=\"623\" height=\"415\" srcset=\"http:\/\/henriquezlara.com\/blog\/wp-content\/uploads\/2013\/06\/dieresis_caladeveras_henriquezlara_javier_6.jpeg 623w, http:\/\/henriquezlara.com\/blog\/wp-content\/uploads\/2013\/06\/dieresis_caladeveras_henriquezlara_javier_6-300x199.jpg 300w\" sizes=\"auto, (max-width: 623px) 100vw, 623px\" \/><\/a>Exposici\u00f3n individual Javier Henr\u00edquez Lara. Galer\u00eda Di\u00e9resis. \u00a0Expuesta del 2 de Marzo al 27 de Abril de 2013. \u00a0Fotograf\u00edas tomadas por Melinda Llamas.<\/p>\n","protected":false},"excerpt":{"rendered":"<p>Exposici\u00f3n individual Javier Henr\u00edquez Lara. Galer\u00eda Di\u00e9resis. \u00a0Expuesta del 2 de Marzo al 27 de Abril de 2013. \u00a0Fotograf\u00edas tomadas por Melinda Llamas.<\/p>\n","protected":false},"author":1,"featured_media":1827,"comment_status":"open","ping_status":"open","sticky":false,"template":"","format":"standard","meta":{"footnotes":""},"categories":[3],"tags":[],"class_list":["post-1836","post","type-post","status-publish","format-standard","has-post-thumbnail","hentry","category-01_noticias"],"_links":{"self":[{"href":"http:\/\/henriquezlara.com\/blog\/index.php?rest_route=\/wp\/v2\/posts\/1836","targetHints":{"allow":["GET"]}}],"collection":[{"href":"http:\/\/henriquezlara.com\/blog\/index.php?rest_route=\/wp\/v2\/posts"}],"about":[{"href":"http:\/\/henriquezlara.com\/blog\/index.php?rest_route=\/wp\/v2\/types\/post"}],"author":[{"embeddable":true,"href":"http:\/\/henriquezlara.com\/blog\/index.php?rest_route=\/wp\/v2\/users\/1"}],"replies":[{"embeddable":true,"href":"http:\/\/henriquezlara.com\/blog\/index.php?rest_route=%2Fwp%2Fv2%2Fcomments&post=1836"}],"version-history":[{"count":3,"href":"http:\/\/henriquezlara.com\/blog\/index.php?rest_route=\/wp\/v2\/posts\/1836\/revisions"}],"predecessor-version":[{"id":1846,"href":"http:\/\/henriquezlara.com\/blog\/index.php?rest_route=\/wp\/v2\/posts\/1836\/revisions\/1846"}],"wp:featuredmedia":[{"embeddable":true,"href":"http:\/\/henriquezlara.com\/blog\/index.php?rest_route=\/wp\/v2\/media\/1827"}],"wp:attachment":[{"href":"http:\/\/henriquezlara.com\/blog\/index.php?rest_route=%2Fwp%2Fv2%2Fmedia&parent=1836"}],"wp:term":[{"taxonomy":"category","embeddable":true,"href":"http:\/\/henriquezlara.com\/blog\/index.php?rest_route=%2Fwp%2Fv2%2Fcategories&post=1836"},{"taxonomy":"post_tag","embeddable":true,"href":"http:\/\/henriquezlara.com\/blog\/index.php?rest_route=%2Fwp%2Fv2%2Ftags&post=1836"}],"curies":[{"name":"wp","href":"https:\/\/api.w.org\/{rel}","templated":true}]}}