{"id":1679,"date":"2013-04-01T16:44:26","date_gmt":"2013-04-01T16:44:26","guid":{"rendered":"http:\/\/henriquezlara.com\/blog\/?p=1679"},"modified":"2013-04-03T15:28:07","modified_gmt":"2013-04-03T15:28:07","slug":"jose-cuervo-tradicional-2","status":"publish","type":"post","link":"http:\/\/henriquezlara.com\/blog\/?p=1679","title":{"rendered":"Jos\u00e9 Cuervo Tradicional"},"content":{"rendered":"<div>Proyecto de intervenci\u00f3n del emblema del cuervo de Jos\u00e9 Cuervo  Tradicional. Se tom\u00f3 inspiraci\u00f3n del estilo y cosmovisi\u00f3n art\u00edstica de las etnias que comparten la zona de influencia con la zona agavera. <a href=\"http:\/\/henriquezlara.com\/blog\/wp-content\/uploads\/2013\/04\/POST_Cuervo-03.jpg\"><\/a><a href=\"http:\/\/henriquezlara.com\/blog\/wp-content\/uploads\/2013\/04\/POST_Cuervo-04.jpg\"><\/a><\/div>\n<div><a href=\"http:\/\/henriquezlara.com\/blog\/wp-content\/uploads\/2013\/04\/POST_Cuervo-04.jpg\"><img loading=\"lazy\" decoding=\"async\" class=\"aligncenter size-full wp-image-1683\" title=\"POST_Cuervo-04\" src=\"http:\/\/henriquezlara.com\/blog\/wp-content\/uploads\/2013\/04\/POST_Cuervo-04.jpg\" alt=\"\" width=\"623\" height=\"835\" srcset=\"http:\/\/henriquezlara.com\/blog\/wp-content\/uploads\/2013\/04\/POST_Cuervo-04.jpg 623w, http:\/\/henriquezlara.com\/blog\/wp-content\/uploads\/2013\/04\/POST_Cuervo-04-223x300.jpg 223w\" sizes=\"auto, (max-width: 623px) 100vw, 623px\" \/><\/a><a href=\"http:\/\/henriquezlara.com\/blog\/wp-content\/uploads\/2013\/04\/POST_Cuervo-01.jpg\"><img loading=\"lazy\" decoding=\"async\" class=\"aligncenter size-full wp-image-1680\" title=\"POST_Cuervo-01\" src=\"http:\/\/henriquezlara.com\/blog\/wp-content\/uploads\/2013\/04\/POST_Cuervo-01.jpg\" alt=\"\" width=\"623\" height=\"468\" srcset=\"http:\/\/henriquezlara.com\/blog\/wp-content\/uploads\/2013\/04\/POST_Cuervo-01.jpg 623w, http:\/\/henriquezlara.com\/blog\/wp-content\/uploads\/2013\/04\/POST_Cuervo-01-300x225.jpg 300w\" sizes=\"auto, (max-width: 623px) 100vw, 623px\" \/><\/a><a href=\"http:\/\/henriquezlara.com\/blog\/wp-content\/uploads\/2013\/04\/POST_Cuervo-02.jpg\"><img loading=\"lazy\" decoding=\"async\" class=\"aligncenter size-full wp-image-1681\" title=\"POST_Cuervo-02\" src=\"http:\/\/henriquezlara.com\/blog\/wp-content\/uploads\/2013\/04\/POST_Cuervo-02.jpg\" alt=\"\" width=\"623\" height=\"467\" srcset=\"http:\/\/henriquezlara.com\/blog\/wp-content\/uploads\/2013\/04\/POST_Cuervo-02.jpg 623w, http:\/\/henriquezlara.com\/blog\/wp-content\/uploads\/2013\/04\/POST_Cuervo-02-300x224.jpg 300w\" sizes=\"auto, (max-width: 623px) 100vw, 623px\" \/><\/a><a href=\"http:\/\/henriquezlara.com\/blog\/wp-content\/uploads\/2013\/04\/POST_Cuervo-03.jpg\"><img loading=\"lazy\" decoding=\"async\" class=\"aligncenter size-full wp-image-1682\" title=\"POST_Cuervo-03\" src=\"http:\/\/henriquezlara.com\/blog\/wp-content\/uploads\/2013\/04\/POST_Cuervo-03.jpg\" alt=\"\" width=\"623\" height=\"546\" srcset=\"http:\/\/henriquezlara.com\/blog\/wp-content\/uploads\/2013\/04\/POST_Cuervo-03.jpg 623w, http:\/\/henriquezlara.com\/blog\/wp-content\/uploads\/2013\/04\/POST_Cuervo-03-300x262.jpg 300w\" sizes=\"auto, (max-width: 623px) 100vw, 623px\" \/><a href=\"http:\/\/henriquezlara.com\/blog\/wp-content\/uploads\/2013\/04\/CUERVO_TimeLapse-B.gif\"><img loading=\"lazy\" decoding=\"async\" class=\"aligncenter size-full wp-image-1702\" title=\"CUERVO_TimeLapse-B\" src=\"http:\/\/henriquezlara.com\/blog\/wp-content\/uploads\/2013\/04\/CUERVO_TimeLapse-B.gif\" alt=\"\" width=\"623\" height=\"735\" srcset=\"http:\/\/henriquezlara.com\/blog\/wp-content\/uploads\/2013\/04\/CUERVO_TimeLapse-B.gif 623w, http:\/\/henriquezlara.com\/blog\/wp-content\/uploads\/2013\/04\/CUERVO_TimeLapse-B-254x300.gif 254w\" sizes=\"auto, (max-width: 623px) 100vw, 623px\" \/><\/a><\/a><\/div>\n","protected":false},"excerpt":{"rendered":"<p>Proyecto de intervenci\u00f3n del emblema del cuervo de Jos\u00e9 Cuervo Tradicional. Se tom\u00f3 inspiraci\u00f3n del estilo y cosmovisi\u00f3n art\u00edstica de las etnias que comparten la zona de influencia con la zona agavera.<\/p>\n","protected":false},"author":1,"featured_media":1680,"comment_status":"open","ping_status":"open","sticky":false,"template":"","format":"standard","meta":{"footnotes":""},"categories":[105,4],"tags":[],"class_list":["post-1679","post","type-post","status-publish","format-standard","has-post-thumbnail","hentry","category-campana-publicitaria","category-02_portafolios"],"_links":{"self":[{"href":"http:\/\/henriquezlara.com\/blog\/index.php?rest_route=\/wp\/v2\/posts\/1679","targetHints":{"allow":["GET"]}}],"collection":[{"href":"http:\/\/henriquezlara.com\/blog\/index.php?rest_route=\/wp\/v2\/posts"}],"about":[{"href":"http:\/\/henriquezlara.com\/blog\/index.php?rest_route=\/wp\/v2\/types\/post"}],"author":[{"embeddable":true,"href":"http:\/\/henriquezlara.com\/blog\/index.php?rest_route=\/wp\/v2\/users\/1"}],"replies":[{"embeddable":true,"href":"http:\/\/henriquezlara.com\/blog\/index.php?rest_route=%2Fwp%2Fv2%2Fcomments&post=1679"}],"version-history":[{"count":5,"href":"http:\/\/henriquezlara.com\/blog\/index.php?rest_route=\/wp\/v2\/posts\/1679\/revisions"}],"predecessor-version":[{"id":1686,"href":"http:\/\/henriquezlara.com\/blog\/index.php?rest_route=\/wp\/v2\/posts\/1679\/revisions\/1686"}],"wp:featuredmedia":[{"embeddable":true,"href":"http:\/\/henriquezlara.com\/blog\/index.php?rest_route=\/wp\/v2\/media\/1680"}],"wp:attachment":[{"href":"http:\/\/henriquezlara.com\/blog\/index.php?rest_route=%2Fwp%2Fv2%2Fmedia&parent=1679"}],"wp:term":[{"taxonomy":"category","embeddable":true,"href":"http:\/\/henriquezlara.com\/blog\/index.php?rest_route=%2Fwp%2Fv2%2Fcategories&post=1679"},{"taxonomy":"post_tag","embeddable":true,"href":"http:\/\/henriquezlara.com\/blog\/index.php?rest_route=%2Fwp%2Fv2%2Ftags&post=1679"}],"curies":[{"name":"wp","href":"https:\/\/api.w.org\/{rel}","templated":true}]}}