{"id":1654,"date":"2013-04-01T16:24:43","date_gmt":"2013-04-01T16:24:43","guid":{"rendered":"http:\/\/henriquezlara.com\/blog\/?p=1654"},"modified":"2013-04-03T16:30:16","modified_gmt":"2013-04-03T16:30:16","slug":"jose-cuervo-tradicional","status":"publish","type":"post","link":"http:\/\/henriquezlara.com\/blog\/?p=1654","title":{"rendered":"Jos\u00e9 Cuervo Tradicional"},"content":{"rendered":"<p><a href=\"http:\/\/henriquezlara.com\/blog\/wp-content\/uploads\/2013\/04\/NEWS_Cuervo-00.gif\"><img loading=\"lazy\" decoding=\"async\" class=\"aligncenter size-full wp-image-1704\" title=\"NEWS_Cuervo-00\" src=\"http:\/\/henriquezlara.com\/blog\/wp-content\/uploads\/2013\/04\/NEWS_Cuervo-00.gif\" alt=\"\" width=\"623\" height=\"719\" srcset=\"http:\/\/henriquezlara.com\/blog\/wp-content\/uploads\/2013\/04\/NEWS_Cuervo-00.gif 623w, http:\/\/henriquezlara.com\/blog\/wp-content\/uploads\/2013\/04\/NEWS_Cuervo-00-259x300.gif 259w\" sizes=\"auto, (max-width: 623px) 100vw, 623px\" \/><\/a><\/p>\n<p>El estudio fue elegido por Jos\u00e9 Cuervo Tradicional para intervenir su emblema. El pasado jueves 7 de Marzo se hizo la presentaci\u00f3n en las instalaciones de Mundo Cuervo junto con los otros 3 participantes, Fernando Sandoval, Mauricio y Sebasti\u00e1n Lara y Bibiana Huber. Agradecemos a Jos\u00e9 Cuervo por la la invitaci\u00f3n y la oportunidad de participar en este evento.<\/p>\n<p><a href=\"http:\/\/henriquezlara.com\/blog\/wp-content\/uploads\/2013\/04\/NEWS_Cuervo-02.jpg\"><img loading=\"lazy\" decoding=\"async\" class=\"aligncenter size-full wp-image-1673\" title=\"NEWS_Cuervo-02\" src=\"http:\/\/henriquezlara.com\/blog\/wp-content\/uploads\/2013\/04\/NEWS_Cuervo-02.jpg\" alt=\"\" width=\"623\" height=\"475\" srcset=\"http:\/\/henriquezlara.com\/blog\/wp-content\/uploads\/2013\/04\/NEWS_Cuervo-02.jpg 623w, http:\/\/henriquezlara.com\/blog\/wp-content\/uploads\/2013\/04\/NEWS_Cuervo-02-300x228.jpg 300w\" sizes=\"auto, (max-width: 623px) 100vw, 623px\" \/><\/a><a href=\"http:\/\/henriquezlara.com\/blog\/wp-content\/uploads\/2013\/04\/NEWS_Cuervo-03.jpg\"><img loading=\"lazy\" decoding=\"async\" class=\"aligncenter size-full wp-image-1674\" title=\"NEWS_Cuervo-03\" src=\"http:\/\/henriquezlara.com\/blog\/wp-content\/uploads\/2013\/04\/NEWS_Cuervo-03.jpg\" alt=\"\" width=\"623\" height=\"475\" srcset=\"http:\/\/henriquezlara.com\/blog\/wp-content\/uploads\/2013\/04\/NEWS_Cuervo-03.jpg 623w, http:\/\/henriquezlara.com\/blog\/wp-content\/uploads\/2013\/04\/NEWS_Cuervo-03-300x228.jpg 300w\" sizes=\"auto, (max-width: 623px) 100vw, 623px\" \/><\/a><\/p>\n<p><a href=\"http:\/\/henriquezlara.com\/blog\/wp-content\/uploads\/2013\/04\/NEWS_Cuervo-01.jpg\"><\/a><a href=\"http:\/\/henriquezlara.com\/blog\/wp-content\/uploads\/2013\/04\/NEWS_Cuervo-01.jpg\"><img loading=\"lazy\" decoding=\"async\" class=\"aligncenter size-full wp-image-1672\" title=\"NEWS_Cuervo-01\" src=\"http:\/\/henriquezlara.com\/blog\/wp-content\/uploads\/2013\/04\/NEWS_Cuervo-01.jpg\" alt=\"\" width=\"623\" height=\"475\" srcset=\"http:\/\/henriquezlara.com\/blog\/wp-content\/uploads\/2013\/04\/NEWS_Cuervo-01.jpg 623w, http:\/\/henriquezlara.com\/blog\/wp-content\/uploads\/2013\/04\/NEWS_Cuervo-01-300x228.jpg 300w\" sizes=\"auto, (max-width: 623px) 100vw, 623px\" \/><\/a><\/p>\n<p><a href=\"http:\/\/henriquezlara.com\/blog\/wp-content\/uploads\/2013\/04\/NEWS_Cuervo-01.jpg\"><\/a><a href=\"http:\/\/henriquezlara.com\/blog\/wp-content\/uploads\/2013\/04\/NEWS_Cuervo-01.jpg\"><\/a><a href=\"http:\/\/henriquezlara.com\/blog\/wp-content\/uploads\/2013\/04\/NEWS_Cuervo-04.jpg\"><img loading=\"lazy\" decoding=\"async\" class=\"aligncenter size-full wp-image-1675\" title=\"NEWS_Cuervo-04\" src=\"http:\/\/henriquezlara.com\/blog\/wp-content\/uploads\/2013\/04\/NEWS_Cuervo-04.jpg\" alt=\"\" width=\"623\" height=\"428\" srcset=\"http:\/\/henriquezlara.com\/blog\/wp-content\/uploads\/2013\/04\/NEWS_Cuervo-04.jpg 623w, http:\/\/henriquezlara.com\/blog\/wp-content\/uploads\/2013\/04\/NEWS_Cuervo-04-300x206.jpg 300w\" sizes=\"auto, (max-width: 623px) 100vw, 623px\" \/><\/a><\/p>\n","protected":false},"excerpt":{"rendered":"<p>El estudio fue elegido por Jos\u00e9 Cuervo Tradicional para intervenir su emblema. El pasado jueves 7 de Marzo se hizo la presentaci\u00f3n en las instalaciones de Mundo Cuervo junto con los otros 3 participantes, Fernando Sandoval, Mauricio y Sebasti\u00e1n Lara y Bibiana Huber. Agradecemos a Jos\u00e9 Cuervo por la la invitaci\u00f3n y la oportunidad de [&hellip;]<\/p>\n","protected":false},"author":1,"featured_media":1665,"comment_status":"open","ping_status":"open","sticky":false,"template":"","format":"standard","meta":{"footnotes":""},"categories":[3],"tags":[],"class_list":["post-1654","post","type-post","status-publish","format-standard","has-post-thumbnail","hentry","category-01_noticias"],"_links":{"self":[{"href":"http:\/\/henriquezlara.com\/blog\/index.php?rest_route=\/wp\/v2\/posts\/1654","targetHints":{"allow":["GET"]}}],"collection":[{"href":"http:\/\/henriquezlara.com\/blog\/index.php?rest_route=\/wp\/v2\/posts"}],"about":[{"href":"http:\/\/henriquezlara.com\/blog\/index.php?rest_route=\/wp\/v2\/types\/post"}],"author":[{"embeddable":true,"href":"http:\/\/henriquezlara.com\/blog\/index.php?rest_route=\/wp\/v2\/users\/1"}],"replies":[{"embeddable":true,"href":"http:\/\/henriquezlara.com\/blog\/index.php?rest_route=%2Fwp%2Fv2%2Fcomments&post=1654"}],"version-history":[{"count":12,"href":"http:\/\/henriquezlara.com\/blog\/index.php?rest_route=\/wp\/v2\/posts\/1654\/revisions"}],"predecessor-version":[{"id":1678,"href":"http:\/\/henriquezlara.com\/blog\/index.php?rest_route=\/wp\/v2\/posts\/1654\/revisions\/1678"}],"wp:featuredmedia":[{"embeddable":true,"href":"http:\/\/henriquezlara.com\/blog\/index.php?rest_route=\/wp\/v2\/media\/1665"}],"wp:attachment":[{"href":"http:\/\/henriquezlara.com\/blog\/index.php?rest_route=%2Fwp%2Fv2%2Fmedia&parent=1654"}],"wp:term":[{"taxonomy":"category","embeddable":true,"href":"http:\/\/henriquezlara.com\/blog\/index.php?rest_route=%2Fwp%2Fv2%2Fcategories&post=1654"},{"taxonomy":"post_tag","embeddable":true,"href":"http:\/\/henriquezlara.com\/blog\/index.php?rest_route=%2Fwp%2Fv2%2Ftags&post=1654"}],"curies":[{"name":"wp","href":"https:\/\/api.w.org\/{rel}","templated":true}]}}