{"id":1635,"date":"2013-03-27T19:03:34","date_gmt":"2013-03-27T19:03:34","guid":{"rendered":"http:\/\/henriquezlara.com\/blog\/?p=1635"},"modified":"2013-03-27T19:14:46","modified_gmt":"2013-03-27T19:14:46","slug":"premio-quorum-2013","status":"publish","type":"post","link":"http:\/\/henriquezlara.com\/blog\/?p=1635","title":{"rendered":"Premio Qu\u00f3rum 2013"},"content":{"rendered":"<h5>La organizaci\u00f3n de Premio Qu\u00f3rum eligi\u00f3 a Javier Henr\u00edquez Lara como parte del jurado en la categor\u00eda de Dise\u00f1o Gr\u00e1fico. Les agradecemos su invitaci\u00f3n.<\/h5>\n<p>Inscripciones: <a href=\"http:\/\/quorum.org.mx\" target=\"_blank\">www.quorum.org.mx<\/a><\/p>\n<p><a href=\"http:\/\/henriquezlara.com\/blog\/wp-content\/uploads\/2013\/03\/579284_447684901973174_470987952_n1.png\"><img loading=\"lazy\" decoding=\"async\" class=\"alignleft size-full wp-image-1642\" title=\"PortadaQuorum\" src=\"http:\/\/henriquezlara.com\/blog\/wp-content\/uploads\/2013\/03\/579284_447684901973174_470987952_n1.png\" alt=\"\" width=\"669\" height=\"454\" srcset=\"http:\/\/henriquezlara.com\/blog\/wp-content\/uploads\/2013\/03\/579284_447684901973174_470987952_n1.png 669w, http:\/\/henriquezlara.com\/blog\/wp-content\/uploads\/2013\/03\/579284_447684901973174_470987952_n1-300x203.png 300w\" sizes=\"auto, (max-width: 669px) 100vw, 669px\" \/><\/a><a href=\"http:\/\/henriquezlara.com\/blog\/wp-content\/uploads\/2013\/03\/483953_447684888639842_795976970_n1.png\"><img loading=\"lazy\" decoding=\"async\" class=\"alignleft size-full wp-image-1641\" title=\"483953_447684888639842_795976970_n\" src=\"http:\/\/henriquezlara.com\/blog\/wp-content\/uploads\/2013\/03\/483953_447684888639842_795976970_n1.png\" alt=\"\" width=\"670\" height=\"454\" srcset=\"http:\/\/henriquezlara.com\/blog\/wp-content\/uploads\/2013\/03\/483953_447684888639842_795976970_n1.png 670w, http:\/\/henriquezlara.com\/blog\/wp-content\/uploads\/2013\/03\/483953_447684888639842_795976970_n1-300x203.png 300w\" sizes=\"auto, (max-width: 670px) 100vw, 670px\" \/><\/a><\/p>\n","protected":false},"excerpt":{"rendered":"<p>La organizaci\u00f3n de Premio Qu\u00f3rum eligi\u00f3 a Javier Henr\u00edquez Lara como parte del jurado en la categor\u00eda de Dise\u00f1o Gr\u00e1fico. Les agradecemos su invitaci\u00f3n. Inscripciones: www.quorum.org.mx<\/p>\n","protected":false},"author":1,"featured_media":1651,"comment_status":"open","ping_status":"open","sticky":false,"template":"","format":"standard","meta":{"footnotes":""},"categories":[3],"tags":[],"class_list":["post-1635","post","type-post","status-publish","format-standard","has-post-thumbnail","hentry","category-01_noticias"],"_links":{"self":[{"href":"http:\/\/henriquezlara.com\/blog\/index.php?rest_route=\/wp\/v2\/posts\/1635","targetHints":{"allow":["GET"]}}],"collection":[{"href":"http:\/\/henriquezlara.com\/blog\/index.php?rest_route=\/wp\/v2\/posts"}],"about":[{"href":"http:\/\/henriquezlara.com\/blog\/index.php?rest_route=\/wp\/v2\/types\/post"}],"author":[{"embeddable":true,"href":"http:\/\/henriquezlara.com\/blog\/index.php?rest_route=\/wp\/v2\/users\/1"}],"replies":[{"embeddable":true,"href":"http:\/\/henriquezlara.com\/blog\/index.php?rest_route=%2Fwp%2Fv2%2Fcomments&post=1635"}],"version-history":[{"count":11,"href":"http:\/\/henriquezlara.com\/blog\/index.php?rest_route=\/wp\/v2\/posts\/1635\/revisions"}],"predecessor-version":[{"id":1650,"href":"http:\/\/henriquezlara.com\/blog\/index.php?rest_route=\/wp\/v2\/posts\/1635\/revisions\/1650"}],"wp:featuredmedia":[{"embeddable":true,"href":"http:\/\/henriquezlara.com\/blog\/index.php?rest_route=\/wp\/v2\/media\/1651"}],"wp:attachment":[{"href":"http:\/\/henriquezlara.com\/blog\/index.php?rest_route=%2Fwp%2Fv2%2Fmedia&parent=1635"}],"wp:term":[{"taxonomy":"category","embeddable":true,"href":"http:\/\/henriquezlara.com\/blog\/index.php?rest_route=%2Fwp%2Fv2%2Fcategories&post=1635"},{"taxonomy":"post_tag","embeddable":true,"href":"http:\/\/henriquezlara.com\/blog\/index.php?rest_route=%2Fwp%2Fv2%2Ftags&post=1635"}],"curies":[{"name":"wp","href":"https:\/\/api.w.org\/{rel}","templated":true}]}}